{"id":445,"date":"2025-10-21T19:33:39","date_gmt":"2025-10-21T19:33:39","guid":{"rendered":"https:\/\/xn--teaterrd-g0a.no\/?p=445"},"modified":"2025-11-07T06:39:25","modified_gmt":"2025-11-07T06:39:25","slug":"revyhelg-i-trondheim","status":"publish","type":"post","link":"https:\/\/xn--teaterrd-g0a.no\/index.php\/2025\/10\/21\/revyhelg-i-trondheim\/","title":{"rendered":"Revyhelg i Trondheim"},"content":{"rendered":"\n<figure class=\"wp-block-image size-full\"><img loading=\"lazy\" decoding=\"async\" width=\"509\" height=\"720\" src=\"https:\/\/xn--teaterrd-g0a.no\/wp-content\/uploads\/2025\/10\/557452532_122138670548843807_4802246992235663809_n.jpg\" alt=\"\" class=\"wp-image-446\" srcset=\"https:\/\/xn--teaterrd-g0a.no\/wp-content\/uploads\/2025\/10\/557452532_122138670548843807_4802246992235663809_n.jpg 509w, https:\/\/xn--teaterrd-g0a.no\/wp-content\/uploads\/2025\/10\/557452532_122138670548843807_4802246992235663809_n-212x300.jpg 212w\" sizes=\"auto, (max-width: 509px) 100vw, 509px\" \/><\/figure>\n\n\n\n<p>1.november arrangerer Tr\u00f8ndelag teaterr\u00e5d kurs i samarbeid med <a href=\"https:\/\/www.facebook.com\/nettverkforregionaleteaterrad?__cft__[0]=AZWi9584GTImJ-XsWKQHkg9_TAve54cY6GR5OK9FfSLW2rAlhwh_keOiRHU7iF7Y7O-6TXuTtac8RiBbibdqhhvOGjfGn1eEVe9hzI6CzqWk3SyLXucpS7uSzbK2_3RIF3bbbS2NNpQun414mPG6DGcAExhBj3-ZU7ZUcLZgeEz3wA3o25N48M6JUUAZR6-19ChKyILoRl-3qZDGXMlzGDKZBHPiUi0xuOCvgmWysVxQHw&amp;__tn__=-]K-y-R\">Nettverk for regionale teaterr\u00e5d<\/a> i Trondheim! Da kommer revy-veteran Heljar Berge til oss! Samme kveld er det revyshow i Olavshallen med <a href=\"https:\/\/www.facebook.com\/Norskrevyfestival?__cft__[0]=AZWi9584GTImJ-XsWKQHkg9_TAve54cY6GR5OK9FfSLW2rAlhwh_keOiRHU7iF7Y7O-6TXuTtac8RiBbibdqhhvOGjfGn1eEVe9hzI6CzqWk3SyLXucpS7uSzbK2_3RIF3bbbS2NNpQun414mPG6DGcAExhBj3-ZU7ZUcLZgeEz3wA3o25N48M6JUUAZR6-19ChKyILoRl-3qZDGXMlzGDKZBHPiUi0xuOCvgmWysVxQHw&amp;__tn__=-]K-y-R\">Norsk Revy<\/a> som har samlet det beste fra \u00e5rets NM i revy!<\/p>\n\n\n\n<p>Bli med p\u00e5 revyhelg i Trondheim!<\/p>\n","protected":false},"excerpt":{"rendered":"<p>1.november arrangerer Tr\u00f8ndelag teaterr\u00e5d kurs i samarbeid med Nettverk for regionale teaterr\u00e5d i Trondheim! Da kommer revy-veteran Heljar Berge til oss! Samme kveld er det revyshow i Olavshallen med Norsk Revy som har samlet det beste fra \u00e5rets NM i revy! Bli med p\u00e5 revyhelg i Trondheim!<\/p>\n","protected":false},"author":1,"featured_media":446,"comment_status":"closed","ping_status":"closed","sticky":false,"template":"","format":"standard","meta":{"pagelayer_contact_templates":[],"_pagelayer_content":"","_themeisle_gutenberg_block_has_review":false,"footnotes":""},"categories":[5],"tags":[],"class_list":["post-445","post","type-post","status-publish","format-standard","has-post-thumbnail","hentry","category-kurs"],"_links":{"self":[{"href":"https:\/\/xn--teaterrd-g0a.no\/index.php\/wp-json\/wp\/v2\/posts\/445","targetHints":{"allow":["GET"]}}],"collection":[{"href":"https:\/\/xn--teaterrd-g0a.no\/index.php\/wp-json\/wp\/v2\/posts"}],"about":[{"href":"https:\/\/xn--teaterrd-g0a.no\/index.php\/wp-json\/wp\/v2\/types\/post"}],"author":[{"embeddable":true,"href":"https:\/\/xn--teaterrd-g0a.no\/index.php\/wp-json\/wp\/v2\/users\/1"}],"replies":[{"embeddable":true,"href":"https:\/\/xn--teaterrd-g0a.no\/index.php\/wp-json\/wp\/v2\/comments?post=445"}],"version-history":[{"count":1,"href":"https:\/\/xn--teaterrd-g0a.no\/index.php\/wp-json\/wp\/v2\/posts\/445\/revisions"}],"predecessor-version":[{"id":447,"href":"https:\/\/xn--teaterrd-g0a.no\/index.php\/wp-json\/wp\/v2\/posts\/445\/revisions\/447"}],"wp:featuredmedia":[{"embeddable":true,"href":"https:\/\/xn--teaterrd-g0a.no\/index.php\/wp-json\/wp\/v2\/media\/446"}],"wp:attachment":[{"href":"https:\/\/xn--teaterrd-g0a.no\/index.php\/wp-json\/wp\/v2\/media?parent=445"}],"wp:term":[{"taxonomy":"category","embeddable":true,"href":"https:\/\/xn--teaterrd-g0a.no\/index.php\/wp-json\/wp\/v2\/categories?post=445"},{"taxonomy":"post_tag","embeddable":true,"href":"https:\/\/xn--teaterrd-g0a.no\/index.php\/wp-json\/wp\/v2\/tags?post=445"}],"curies":[{"name":"wp","href":"https:\/\/api.w.org\/{rel}","templated":true}]}}