{"id":518,"date":"2026-04-20T08:45:59","date_gmt":"2026-04-20T08:45:59","guid":{"rendered":"https:\/\/xn--teaterrd-g0a.no\/?p=518"},"modified":"2026-04-20T08:49:59","modified_gmt":"2026-04-20T08:49:59","slug":"ledersamling-og-arsmote-i-sandefjord-2026","status":"publish","type":"post","link":"https:\/\/xn--teaterrd-g0a.no\/index.php\/2026\/04\/20\/ledersamling-og-arsmote-i-sandefjord-2026\/","title":{"rendered":"Ledersamling og \u00c5rsm\u00f8te i Sandefjord 2026"},"content":{"rendered":"\n<p>Helgen 16-19. april m\u00f8ttes r\u00e5dene fra Akershus, Vestfold, Tr\u00f8ndelag og Rogaland til ledersamling og \u00e5rsm\u00f8te p\u00e5 Home Hotel Atlantic i Sandefjord. Agder og Oslo hadde dessverre ikke mulighet til \u00e5 v\u00e6re med oss denne gangen.<\/p>\n\n\n\n<figure class=\"wp-block-image size-large\"><img loading=\"lazy\" decoding=\"async\" width=\"1024\" height=\"876\" src=\"https:\/\/xn--teaterrd-g0a.no\/wp-content\/uploads\/2026\/04\/16270-1-1024x876.jpg\" alt=\"\" class=\"wp-image-521\" srcset=\"https:\/\/xn--teaterrd-g0a.no\/wp-content\/uploads\/2026\/04\/16270-1-1024x876.jpg 1024w, https:\/\/xn--teaterrd-g0a.no\/wp-content\/uploads\/2026\/04\/16270-1-300x257.jpg 300w, https:\/\/xn--teaterrd-g0a.no\/wp-content\/uploads\/2026\/04\/16270-1-768x657.jpg 768w, https:\/\/xn--teaterrd-g0a.no\/wp-content\/uploads\/2026\/04\/16270-1-1536x1314.jpg 1536w, https:\/\/xn--teaterrd-g0a.no\/wp-content\/uploads\/2026\/04\/16270-1-2048x1752.jpg 2048w\" sizes=\"auto, (max-width: 1024px) 100vw, 1024px\" \/><\/figure>\n\n\n\n<p>L\u00f8rdagen fikk vi bes\u00f8k av Kaja Doniselli Helle som gav oss en nyttig innf\u00f8ring i bruk av sosiale medier og vi h\u00e5per at vi etter hvert vil bli flinkere til \u00e5 bruke disse og bli mer synlige i sosiale medier. Kaja Doniselli Helle driver instagramprofilene doniselli.no og kaiadonisellihelle.no. Foredraget inng\u00e5r i v\u00e5r satsning p\u00e5 IT og synlighet.<\/p>\n\n\n\n<figure class=\"wp-block-image size-large\"><img loading=\"lazy\" decoding=\"async\" width=\"1024\" height=\"986\" src=\"https:\/\/xn--teaterrd-g0a.no\/wp-content\/uploads\/2026\/04\/bdc900b6-ceef-4641-8716-bc5d0885fa77-1-1024x986.jpg\" alt=\"\" class=\"wp-image-522\" srcset=\"https:\/\/xn--teaterrd-g0a.no\/wp-content\/uploads\/2026\/04\/bdc900b6-ceef-4641-8716-bc5d0885fa77-1-1024x986.jpg 1024w, https:\/\/xn--teaterrd-g0a.no\/wp-content\/uploads\/2026\/04\/bdc900b6-ceef-4641-8716-bc5d0885fa77-1-300x289.jpg 300w, https:\/\/xn--teaterrd-g0a.no\/wp-content\/uploads\/2026\/04\/bdc900b6-ceef-4641-8716-bc5d0885fa77-1-768x740.jpg 768w, https:\/\/xn--teaterrd-g0a.no\/wp-content\/uploads\/2026\/04\/bdc900b6-ceef-4641-8716-bc5d0885fa77-1.jpg 1227w\" sizes=\"auto, (max-width: 1024px) 100vw, 1024px\" \/><\/figure>\n\n\n\n<p>Vi fikk ogs\u00e5 bes\u00f8k av Elin Feen som fortalte om pilotprosjeket <strong>Vestfoldscenen<\/strong> &#8211; Vestfolds fylkeskommunes nye satsning p\u00e5 scenekunst. <\/p>\n\n\n\n<p>Vestfoldscenen er et spennende prosjekt fra et fylke som \u00f8nsker \u00e5 satse p\u00e5 scenekunst, b\u00e5de profesjonell og amat\u00f8r. Vi h\u00e5per at flere fylker vil se til Vestfold og kopiere modellen.<\/p>\n\n\n\n<p>&laquo;Fylkestinget har vedtatt \u00e5 etablere Vestfoldscenen som en regional satsing for \u00e5 styrke og videreutvikle scenekunstfeltet i Vestfold.<\/p>\n\n\n\n<p>M\u00e5let er \u00e5 knytte de etablerte milj\u00f8ene sammen og bidra til \u00f8kt aktivitet og kvalitet. Hensikten med prosjektet er \u00e5 gi publikum tilgang til god og profesjonell scenekunst, og at scenekunstakt\u00f8rene i Vestfold f\u00e5r forutsigbare rammevilk\u00e5r.<\/p>\n\n\n\n<p>\u2013 Vestfoldscenen er en hub hvor profesjonelle scenekunstnere, men ogs\u00e5 amat\u00f8rer, f\u00e5r anledning til \u00e5 jobbe sammen i et \u00f8kosystem, sier fylkesdirekt\u00f8r Anne Str\u00f8m\u00f8y. Det er ikke en fysisk scene, men et nettverk av scenekunstakt\u00f8rer og arenaer p\u00e5 tvers av kommunegrenser. Prosjektet skal bidra til \u00f8kt samarbeid, tilgang p\u00e5 aktivitetsmidler og scenekunstfaglige ressurser, samt st\u00f8tte til produksjon, formidling og kompetansebygging.&raquo; <\/p>\n\n\n\n<p>Les mer om Vestfoldscenen her: <\/p>\n\n\n\n<p><a href=\"https:\/\/www.vestfoldfylke.no\/no\/aktuelt\/vestfoldscenen--ny-satsing-pa-scenekunst-i-fylket\/\">https:\/\/www.vestfoldfylke.no\/no\/aktuelt\/vestfoldscenen&#8211;ny-satsing-pa-scenekunst-i-fylket\/<\/a><\/p>\n\n\n\n<p><a href=\"https:\/\/www.vestfoldfylke.no\/no\/meny\/tjenester\/kultur\/kunst-og-kultur\/vestfoldscenen\">https:\/\/www.vestfoldfylke.no\/no\/meny\/tjenester\/kultur\/kunst-og-kultur\/vestfoldscenen<\/a><\/p>\n\n\n\n<figure class=\"wp-block-image size-full\"><img loading=\"lazy\" decoding=\"async\" width=\"952\" height=\"777\" src=\"https:\/\/xn--teaterrd-g0a.no\/wp-content\/uploads\/2026\/04\/0667a148-efa8-422c-812c-d20ed28f94d3.jpg\" alt=\"\" class=\"wp-image-523\" srcset=\"https:\/\/xn--teaterrd-g0a.no\/wp-content\/uploads\/2026\/04\/0667a148-efa8-422c-812c-d20ed28f94d3.jpg 952w, https:\/\/xn--teaterrd-g0a.no\/wp-content\/uploads\/2026\/04\/0667a148-efa8-422c-812c-d20ed28f94d3-300x245.jpg 300w, https:\/\/xn--teaterrd-g0a.no\/wp-content\/uploads\/2026\/04\/0667a148-efa8-422c-812c-d20ed28f94d3-768x627.jpg 768w\" sizes=\"auto, (max-width: 952px) 100vw, 952px\" \/><\/figure>\n\n\n\n<p><strong>&#8211; Gi meg en pensjonist!<\/strong> er arbeidstittelen p\u00e5 v\u00e5r satsning p\u00e5 voksenteater og helse. Vi hadde en idemyldring p\u00e5 hvordan vi skal n\u00e5 ut og rekruttere voksne inn i amat\u00f8rteater enten i eksisterende grupper eller til \u00e5 danne nye grupper.<\/p>\n\n\n<div class=\"wp-block-image\">\n<figure class=\"aligncenter size-large\"><img loading=\"lazy\" decoding=\"async\" width=\"676\" height=\"1024\" src=\"https:\/\/xn--teaterrd-g0a.no\/wp-content\/uploads\/2026\/04\/f0822149-2ebc-46e0-8de4-c457dbb66072-676x1024.jpg\" alt=\"\" class=\"wp-image-524\" srcset=\"https:\/\/xn--teaterrd-g0a.no\/wp-content\/uploads\/2026\/04\/f0822149-2ebc-46e0-8de4-c457dbb66072-676x1024.jpg 676w, https:\/\/xn--teaterrd-g0a.no\/wp-content\/uploads\/2026\/04\/f0822149-2ebc-46e0-8de4-c457dbb66072-198x300.jpg 198w, https:\/\/xn--teaterrd-g0a.no\/wp-content\/uploads\/2026\/04\/f0822149-2ebc-46e0-8de4-c457dbb66072-768x1164.jpg 768w, https:\/\/xn--teaterrd-g0a.no\/wp-content\/uploads\/2026\/04\/f0822149-2ebc-46e0-8de4-c457dbb66072-1014x1536.jpg 1014w, https:\/\/xn--teaterrd-g0a.no\/wp-content\/uploads\/2026\/04\/f0822149-2ebc-46e0-8de4-c457dbb66072.jpg 1153w\" sizes=\"auto, (max-width: 676px) 100vw, 676px\" \/><\/figure>\n<\/div>\n\n\n<p>Til slutt fikk Else Sorkmo en avskjedsgave som takk for hennes lange innsats i Vestfold teaterr\u00e5d og Nettverk for regionale teaterr\u00e5d. Else er en nydelig dame som med sitt gode hum\u00f8r har gitt oss mange smil og mye latter. Hun har ogs\u00e5 mye kunnskap om revy og har alltid gode innspill i faglige diskusjoner. Vi takker Else for den inspirasjonen hun har v\u00e6rt for oss i Nettverket og \u00f8nsker henne lykke til videre.<\/p>\n\n\n\n<p>Tone Rundsj\u00f8 ledet oss som vanlig st\u00f8dig gjennom \u00e5rsm\u00f8tet, som ble gjennomf\u00f8rt uten de store diskusjonene. Det er alltid imponerende \u00e5 se hvor mye Nettverket gj\u00f8r gjennom et \u00e5r, til tross for et begrenset budsjett. <\/p>\n\n\n\n<h2 class=\"wp-block-heading\"><strong>\u00c5RSHJUL FOR NRT 2025<\/strong><\/h2>\n\n\n\n<h2 class=\"wp-block-heading\">Januar:<br><\/h2>\n\n\n\n<ul class=\"wp-block-list\">\n<li>Arbeid med regnskap 2024 og \u00e5rsberetning 2024, og budsjett 2025<\/li>\n\n\n\n<li>P\u00e5minnelser om VO registering.<\/li>\n\n\n\n<li>14.januar styrem\u00f8te\n<ol start=\"21\" class=\"wp-block-list\">\n<li>januar styrem\u00f8te i Teaterforbundet Norge<br><\/li>\n<\/ol>\n<\/li>\n<\/ul>\n\n\n\n<h2 class=\"wp-block-heading\">Februar:<\/h2>\n\n\n\n<ul class=\"wp-block-list\">\n<li>3.februar m\u00f8te om revystevnet<\/li>\n\n\n\n<li>5. februar styrem\u00f8te i Teaterforbundet Norge<\/li>\n\n\n\n<li>6.februar \u2013 webinar om hvordan s\u00f8ke voksenoppl\u00e6ringsmidler 10 p\u00e5meldte, og oppf\u00f8lging med<br>egne m\u00f8ter med to teatergrupper.<\/li>\n\n\n\n<li>27.februar \u2013 styrem\u00f8te<\/li>\n\n\n\n<li>Tilsagn statsst\u00f8tte fra Norsk Kulturdirektorat, og videre planlegging av \u00e5ret 2025.<\/li>\n\n\n\n<li>Utsendelse av medlemskontingent.<\/li>\n<\/ul>\n\n\n\n<h2 class=\"wp-block-heading\">Mars:<\/h2>\n\n\n\n<ul class=\"wp-block-list\">\n<li>6. mars webinar om kravliste for \u00f8velser og forestillingsrom. 8 p\u00e5meldte<br>-10 mars m\u00f8te om Revystevnet\n<ol start=\"13\" class=\"wp-block-list\">\n<li>mars styrem\u00f8te i Teaterforbundet Norge<\/li>\n<\/ol>\n<\/li>\n\n\n\n<li>17.mars styrem\u00f8te<\/li>\n\n\n\n<li>bestille og ordne med fagm\u00f8te i Oslo. NRT fagseminar<br>-30. mars Teaterlabben Vega scene<\/li>\n<\/ul>\n\n\n\n<h2 class=\"wp-block-heading\">April:<\/h2>\n\n\n\n<p><\/p>\n\n\n\n<ul class=\"wp-block-list\">\n<li>Ordnet med temaene for fagsamling i Oslo, revisjon og \u00e5rsm\u00f8tepapirer for \u00e5rsm\u00f8te<\/li>\n\n\n\n<li>9.april \u00c5pent nasjonalt m\u00f8te i Teaterforbundet Norge<ol start=\"11\"><li>april m\u00f8te med Oslo Teatersenter om lyskurs i juni<\/li><\/ol>\n<ol start=\"23\" class=\"wp-block-list\">\n<li>april styrem\u00f8te i Teaterforbundet Norge<\/li>\n<\/ol>\n<\/li>\n\n\n\n<li>24.april m\u00f8te om Revystevnet<\/li>\n\n\n\n<li>25.-27. april styrem\u00f8te, \u00c5rsm\u00f8te og fagsamling i NRT\n<ol start=\"30\" class=\"wp-block-list\">\n<li>april \u00e5rsm\u00f8te i Kulturalliansen med fagseminar i etterkant<\/li>\n<\/ol>\n<\/li>\n\n\n\n<li>Moms: Sendte ut fellesinfo om MVA-refusjon med frist 30.juni.<br>Opprettet linker til innmelding og s\u00f8knadsskjemaer, og sendt i SoMe og i mail veiledende film.<br><\/li>\n<\/ul>\n\n\n\n<h2 class=\"wp-block-heading\">Mai:<\/h2>\n\n\n\n<ul class=\"wp-block-list\">\n<li>Referat \u00e5rsm\u00f8te og faghelg<\/li>\n\n\n\n<li>ut med p\u00e5melding og informasjon om lyskurs i Oslo og Vestfold og Telemark<\/li>\n\n\n\n<li>7.mai styrem\u00f8te i Teaterforbundet Norge<\/li>\n\n\n\n<li>12.mai webinar om momss\u00f8knad gjennom NRT<\/li>\n\n\n\n<li>27.mai \u00e5rsm\u00f8te i Frivillighet Norge, Frivillighetens Hus i Oslo<\/li>\n<\/ul>\n\n\n\n<h2 class=\"wp-block-heading\">Juni:<\/h2>\n\n\n\n<ul class=\"wp-block-list\">\n<li>2.juni m\u00f8te om revystevnet som avlyses og vi lager 4 revyl\u00f8dager h\u00f8st 2025 i Akershus,<br>Vestfold\/Telemark, Agder og Rogaland.<\/li>\n\n\n\n<li>6.juni p\u00e5 PIT \u2013 Porsgrunn internasjonale teaterfestival<\/li>\n\n\n\n<li>20.-22.juni Lyskurs p\u00e5 Oslo Teatersenter og et lyskurs16.juni i Vestfold<\/li>\n\n\n\n<li>24.-25. juni p\u00e5 Kulturytring Drammen<\/li>\n\n\n\n<li>Moms: Informasjon, veiledning og fristen 30.juni<\/li>\n\n\n\n<li>oppdatering Br\u00f8nn\u00f8ysund.<\/li>\n\n\n\n<li>Begynne \u00e5 lage ny nettside.<\/li>\n<\/ul>\n\n\n\n<h2 class=\"wp-block-heading\">Juli:<\/h2>\n\n\n\n<ul class=\"wp-block-list\">\n<li>Moms: Behandlet alle s\u00f8knadene for momsrefusjon, satt de inn i moms-skjema, og sendt det<br>med vedlegg inn til revisjon.<\/li>\n\n\n\n<li>Halv\u00e5rsrapport for styret<\/li>\n<\/ul>\n\n\n\n<h2 class=\"wp-block-heading\">August:<\/h2>\n\n\n\n<ul class=\"wp-block-list\">\n<li>Forberede kurs- og h\u00f8stseminar<\/li>\n\n\n\n<li>Rapport for Kulturdirektorater for mottatt midler 2024<\/li>\n\n\n\n<li>Sende ferdig momsoversikt til revisjon og ettersende mangler m.m.<\/li>\n\n\n\n<li>18.aug styrem\u00f8te i NRT<\/li>\n\n\n\n<li>26.august digitalt seminar om VO &#8211; oppl\u00e6ring og sp\u00f8rsm\u00e5l<\/li>\n\n\n\n<li>UKE 32 \u2013 la ut ny oppdatert video om \u00e5 s\u00f8ke VO og fulgte opp noen nye grupper.<\/li>\n\n\n\n<li>26.august webinar om VO-midler<\/li>\n\n\n\n<li>30.august Revyl\u00f8rdag i Akershus<\/li>\n<\/ul>\n\n\n\n<h2 class=\"wp-block-heading\">September:<\/h2>\n\n\n\n<p>1.sept- sende inn momss\u00f8knader<\/p>\n\n\n\n<p>2. sept\u2013 nettverksm\u00f8te i kulturkretser i Kulturalliansen<br>16.sept \u2013 styrem\u00f8te i NRT<br>22.septemer lansering av nettside<br>20.sept \u2013 revyl\u00f8rdag Vestfold\/Telemark<br>25.sept \u2013 tilstede p\u00e5 f\u00f8rste \u00e5rsm\u00f8te i Teaterforbundet Norge<br><\/p>\n\n\n\n<h2 class=\"wp-block-heading\">Oktober:<\/h2>\n\n\n\n<ol class=\"wp-block-list\">\n<li>oktober \u2013 NOKU konferanse p\u00e5 Lillestr\u00f8m om helse og kultur &#8211; og demografi\/eldre<br>Forberedelser og m\u00f8ter om fagseminaret i Trondheim<br>Bygge og legge ut bilder og informasjon p\u00e5 den nye nettsiden til NRT<\/li>\n<\/ol>\n\n\n\n<h2 class=\"wp-block-heading\">November:<\/h2>\n\n\n\n<ol class=\"wp-block-list\">\n<li>november \u00e5rsm\u00f8te og fagsamling i Kulturalliansen<br>6.nov &#8211; nettverksm\u00f8te i Kulturalliansen for kulturkretser<br>7.-9.nov \u2013 Fagseminar for NRT Trondheim<br>11.nov Lansering av \u00abGjengklang\u00bb med Kulturrom p\u00e5 Sentralen<br>1.nov &#8211; Revykurs i Trondheim (avlyst grunnet for f\u00e5 p\u00e5meldte)<br>1.nov &#8211; Revykurs i Rogaland (avlyst grunnet uv\u00e6r)<\/li>\n\n\n\n<li>\u2013 Styrem\u00f8te i NRT<\/li>\n<\/ol>\n\n\n\n<h2 class=\"wp-block-heading\">Desember:<\/h2>\n\n\n\n<ul class=\"wp-block-list\">\n<li>Moms: Skrev tilsagnsbrev til momsrefusjon, og delte ut moms-midlene.<\/li>\n\n\n\n<li>Regnskap 2024 &#8211; f\u00e5 inn alle bilag og fakturaer og ferdigstille regnskap.<\/li>\n\n\n\n<li>Ferdigstilte \u00e5rsmeldingen<br>4.des \u2013 Frivillighetens dag p\u00e5 Sentralen i Oslo<br>9.des \u2013 Styrem\u00f8te i NRT<\/li>\n<\/ul>\n\n\n\n<p>V\u00e5r neste samling blir i Stavanger 30. oktober til 1. november.<\/p>\n","protected":false},"excerpt":{"rendered":"<p>Helgen 16-19. april m\u00f8ttes r\u00e5dene fra Akershus, Vestfold, Tr\u00f8ndelag og Rogaland til ledersamling og \u00e5rsm\u00f8te p\u00e5 Home Hotel Atlantic i Sandefjord. Agder og Oslo hadde dessverre ikke mulighet til \u00e5 v\u00e6re med oss denne gangen. L\u00f8rdagen fikk vi bes\u00f8k av Kaja Doniselli Helle som gav oss en nyttig innf\u00f8ring i [&hellip;]<\/p>\n","protected":false},"author":1,"featured_media":521,"comment_status":"closed","ping_status":"closed","sticky":false,"template":"","format":"standard","meta":{"pagelayer_contact_templates":[],"_pagelayer_content":"","_themeisle_gutenberg_block_has_review":false,"footnotes":""},"categories":[7,6],"tags":[],"class_list":["post-518","post","type-post","status-publish","format-standard","has-post-thumbnail","hentry","category-fagsamlinger","category-nyheter"],"_links":{"self":[{"href":"https:\/\/xn--teaterrd-g0a.no\/index.php\/wp-json\/wp\/v2\/posts\/518","targetHints":{"allow":["GET"]}}],"collection":[{"href":"https:\/\/xn--teaterrd-g0a.no\/index.php\/wp-json\/wp\/v2\/posts"}],"about":[{"href":"https:\/\/xn--teaterrd-g0a.no\/index.php\/wp-json\/wp\/v2\/types\/post"}],"author":[{"embeddable":true,"href":"https:\/\/xn--teaterrd-g0a.no\/index.php\/wp-json\/wp\/v2\/users\/1"}],"replies":[{"embeddable":true,"href":"https:\/\/xn--teaterrd-g0a.no\/index.php\/wp-json\/wp\/v2\/comments?post=518"}],"version-history":[{"count":4,"href":"https:\/\/xn--teaterrd-g0a.no\/index.php\/wp-json\/wp\/v2\/posts\/518\/revisions"}],"predecessor-version":[{"id":529,"href":"https:\/\/xn--teaterrd-g0a.no\/index.php\/wp-json\/wp\/v2\/posts\/518\/revisions\/529"}],"wp:featuredmedia":[{"embeddable":true,"href":"https:\/\/xn--teaterrd-g0a.no\/index.php\/wp-json\/wp\/v2\/media\/521"}],"wp:attachment":[{"href":"https:\/\/xn--teaterrd-g0a.no\/index.php\/wp-json\/wp\/v2\/media?parent=518"}],"wp:term":[{"taxonomy":"category","embeddable":true,"href":"https:\/\/xn--teaterrd-g0a.no\/index.php\/wp-json\/wp\/v2\/categories?post=518"},{"taxonomy":"post_tag","embeddable":true,"href":"https:\/\/xn--teaterrd-g0a.no\/index.php\/wp-json\/wp\/v2\/tags?post=518"}],"curies":[{"name":"wp","href":"https:\/\/api.w.org\/{rel}","templated":true}]}}